{"id":15043,"date":"2023-11-08T11:35:18","date_gmt":"2023-11-08T10:35:18","guid":{"rendered":"https:\/\/www.accel-na.fr\/?p=15043"},"modified":"2026-03-27T12:29:49","modified_gmt":"2026-03-27T11:29:49","slug":"8-11-2023-grande-soiree-de-networking-pour-les-acceleres-de-nouvelle-aquitaine","status":"publish","type":"post","link":"https:\/\/www.accel-na.fr\/index.php\/2023\/11\/08\/8-11-2023-grande-soiree-de-networking-pour-les-acceleres-de-nouvelle-aquitaine\/","title":{"rendered":"8\/11\/2023 \/\/ Grande soir\u00e9e de networking pour les Acc\u00e9l\u00e9r\u00e9s de Nouvelle-Aquitaine !"},"content":{"rendered":"<div class=\"fusion-fullwidth fullwidth-box fusion-builder-row-1 nonhundred-percent-fullwidth non-hundred-percent-height-scrolling\" style=\"background-color: rgba(255,255,255,0);background-position: center center;background-repeat: no-repeat;padding-top:0px;padding-right:0px;padding-bottom:0px;padding-left:0px;margin-bottom: 0px;margin-top: 0px;border-width: 0px 0px 0px 0px;border-color:#eae9e9;border-style:solid;\" ><div class=\"fusion-builder-row fusion-row\"><div class=\"fusion-layout-column fusion_builder_column fusion-builder-column-0 fusion_builder_column_1_1 1_1 fusion-one-full fusion-column-first fusion-column-last\" style=\"margin-top:0px;margin-bottom:20px;\"><div class=\"fusion-column-wrapper fusion-flex-column-wrapper-legacy\" style=\"background-position:left top;background-repeat:no-repeat;-webkit-background-size:cover;-moz-background-size:cover;-o-background-size:cover;background-size:cover;padding: 0px 0px 0px 0px;\"><div class=\"fusion-text fusion-text-1\"><p>La R\u00e9gion Nouvelle-Aquitaine, Bpifrance, le Club des ETI de Nouvelle-Aquitaine et ADI N-A ont r\u00e9uni pr\u00e8s de 100 dirigeants de PME et d\u2019ETI r\u00e9gionales au Palais de la Bourse Bordeaux pour une soir\u00e9e exceptionnelle de networking et d\u2019\u00e9changes, en pr\u00e9sence d\u2019Alain Rousset, Guillaume Mortelier et Marc Prikazsky.<\/p>\n<p>Gros succ\u00e8s pour la formule de \u00ab\u00a0speed meeting\u00a0\u00bb entre dirigeants, qui leur a permis d\u2019\u00e9largir leur r\u00e9seau et d\u2019\u00e9changer sur leurs challenges respectifs.<\/p>\n<p data-fusion-font=\"true\" data-fusion-google-font=\"Roboto\" data-fusion-google-variant=\"300italic\" data-fusion-google-subset=\"latin\"><span style=\"font-family: var(--body_typography-font-family); font-size: var(--body_typography-font-size); font-style: var(--body_typography-font-style,normal); font-weight: var(--body_typography-font-weight); background-color: rgba(255, 255, 255, 0); color: var(--body_typography-color); letter-spacing: var(--body_typography-letter-spacing);\">\u00a0<\/span><\/p>\n<div style=\"text-align: right;\"><span style=\"font-family: Roboto; font-size: 12px; font-style: italic; background-color: rgba(255, 255, 255, 0); color: var(--body_typography-color); letter-spacing: var(--body_typography-letter-spacing);\">08 novembre 2023<\/span><\/div>\n<\/div><div class=\"fusion-clearfix\"><\/div><\/div><\/div><\/div><\/div>\n","protected":false},"excerpt":{"rendered":"","protected":false},"author":5,"featured_media":15034,"comment_status":"open","ping_status":"open","sticky":false,"template":"","format":"standard","meta":{"footnotes":""},"categories":[3],"tags":[21,20],"class_list":["post-15043","post","type-post","status-publish","format-standard","has-post-thumbnail","hentry","category-news","tag-eti","tag-pme"],"_links":{"self":[{"href":"https:\/\/www.accel-na.fr\/index.php\/wp-json\/wp\/v2\/posts\/15043","targetHints":{"allow":["GET"]}}],"collection":[{"href":"https:\/\/www.accel-na.fr\/index.php\/wp-json\/wp\/v2\/posts"}],"about":[{"href":"https:\/\/www.accel-na.fr\/index.php\/wp-json\/wp\/v2\/types\/post"}],"author":[{"embeddable":true,"href":"https:\/\/www.accel-na.fr\/index.php\/wp-json\/wp\/v2\/users\/5"}],"replies":[{"embeddable":true,"href":"https:\/\/www.accel-na.fr\/index.php\/wp-json\/wp\/v2\/comments?post=15043"}],"version-history":[{"count":1,"href":"https:\/\/www.accel-na.fr\/index.php\/wp-json\/wp\/v2\/posts\/15043\/revisions"}],"predecessor-version":[{"id":15044,"href":"https:\/\/www.accel-na.fr\/index.php\/wp-json\/wp\/v2\/posts\/15043\/revisions\/15044"}],"wp:featuredmedia":[{"embeddable":true,"href":"https:\/\/www.accel-na.fr\/index.php\/wp-json\/wp\/v2\/media\/15034"}],"wp:attachment":[{"href":"https:\/\/www.accel-na.fr\/index.php\/wp-json\/wp\/v2\/media?parent=15043"}],"wp:term":[{"taxonomy":"category","embeddable":true,"href":"https:\/\/www.accel-na.fr\/index.php\/wp-json\/wp\/v2\/categories?post=15043"},{"taxonomy":"post_tag","embeddable":true,"href":"https:\/\/www.accel-na.fr\/index.php\/wp-json\/wp\/v2\/tags?post=15043"}],"curies":[{"name":"wp","href":"https:\/\/api.w.org\/{rel}","templated":true}]}}