{"id":15132,"date":"2024-02-01T15:20:49","date_gmt":"2024-02-01T14:20:49","guid":{"rendered":"https:\/\/www.accel-na.fr\/?p=15132"},"modified":"2026-03-27T12:28:39","modified_gmt":"2026-03-27T11:28:39","slug":"31-01-01-02-2024-premier-seminaire-de-lannee-pour-la-promotion-pme-6","status":"publish","type":"post","link":"https:\/\/www.accel-na.fr\/index.php\/2024\/02\/01\/31-01-01-02-2024-premier-seminaire-de-lannee-pour-la-promotion-pme-6\/","title":{"rendered":"31\/01-01\/02\/2024 \/\/ Premier s\u00e9minaire de l\u2019ann\u00e9e pour la promotion PME #6"},"content":{"rendered":"<div class=\"fusion-fullwidth fullwidth-box fusion-builder-row-1 nonhundred-percent-fullwidth non-hundred-percent-height-scrolling\" style=\"background-color: rgba(255,255,255,0);background-position: center center;background-repeat: no-repeat;padding-top:0px;padding-right:0px;padding-bottom:0px;padding-left:0px;margin-bottom: 0px;margin-top: 0px;border-width: 0px 0px 0px 0px;border-color:#eae9e9;border-style:solid;\" ><div class=\"fusion-builder-row fusion-row\"><div class=\"fusion-layout-column fusion_builder_column fusion-builder-column-0 fusion_builder_column_1_1 1_1 fusion-one-full fusion-column-first fusion-column-last\" style=\"margin-top:0px;margin-bottom:20px;\"><div class=\"fusion-column-wrapper fusion-flex-column-wrapper-legacy\" style=\"background-position:left top;background-repeat:no-repeat;-webkit-background-size:cover;-moz-background-size:cover;-o-background-size:cover;background-size:cover;padding: 0px 0px 0px 0px;\"><div class=\"fusion-text fusion-text-1\"><p>Au programme de ce s\u00e9minaire chez KEDGE Executive\u00a0:<\/p>\n<ul>\n<li>Une journ\u00e9e d\u00e9di\u00e9e la Marque employeur, anim\u00e9e par Blandine Mantelin, avec le t\u00e9moignage inspirant et passionn\u00e9 de Karine Da Silva, qui a mis la RSE au c\u0153ur de la strat\u00e9gie de son entreprise de blanchisserie, Georges bas\u00e9e en Gironde ;<\/li>\n<li>Une plong\u00e9e dans les enjeux (et les pi\u00e8ges \u00e0 \u00e9viter) du d\u00e9veloppement \u00e0 l\u2019international, avec l\u2019expertise de Badre Madhi, pour mettre \u00e0 la port\u00e9e des PME la conqu\u00eate des march\u00e9s internationaux.<\/li>\n<\/ul>\n<p data-fusion-font=\"true\" data-fusion-google-font=\"Roboto\" data-fusion-google-variant=\"300italic\" data-fusion-google-subset=\"latin\"><span style=\"font-family: var(--body_typography-font-family); font-size: var(--body_typography-font-size); font-style: var(--body_typography-font-style,normal); font-weight: var(--body_typography-font-weight); background-color: rgba(255, 255, 255, 0); color: var(--body_typography-color); letter-spacing: var(--body_typography-letter-spacing);\">\u00a0<\/span><\/p>\n<div style=\"text-align: right;\"><span style=\"font-family: Roboto; font-size: 12px; font-style: italic; background-color: rgba(255, 255, 255, 0); color: var(--body_typography-color); letter-spacing: var(--body_typography-letter-spacing);\">1 f\u00e9vrier 2024<\/span><\/div>\n<\/div><div class=\"fusion-clearfix\"><\/div><\/div><\/div><\/div><\/div>\n","protected":false},"excerpt":{"rendered":"","protected":false},"author":5,"featured_media":15128,"comment_status":"open","ping_status":"open","sticky":false,"template":"","format":"standard","meta":{"footnotes":""},"categories":[3],"tags":[20],"class_list":["post-15132","post","type-post","status-publish","format-standard","has-post-thumbnail","hentry","category-news","tag-pme"],"_links":{"self":[{"href":"https:\/\/www.accel-na.fr\/index.php\/wp-json\/wp\/v2\/posts\/15132","targetHints":{"allow":["GET"]}}],"collection":[{"href":"https:\/\/www.accel-na.fr\/index.php\/wp-json\/wp\/v2\/posts"}],"about":[{"href":"https:\/\/www.accel-na.fr\/index.php\/wp-json\/wp\/v2\/types\/post"}],"author":[{"embeddable":true,"href":"https:\/\/www.accel-na.fr\/index.php\/wp-json\/wp\/v2\/users\/5"}],"replies":[{"embeddable":true,"href":"https:\/\/www.accel-na.fr\/index.php\/wp-json\/wp\/v2\/comments?post=15132"}],"version-history":[{"count":1,"href":"https:\/\/www.accel-na.fr\/index.php\/wp-json\/wp\/v2\/posts\/15132\/revisions"}],"predecessor-version":[{"id":15133,"href":"https:\/\/www.accel-na.fr\/index.php\/wp-json\/wp\/v2\/posts\/15132\/revisions\/15133"}],"wp:featuredmedia":[{"embeddable":true,"href":"https:\/\/www.accel-na.fr\/index.php\/wp-json\/wp\/v2\/media\/15128"}],"wp:attachment":[{"href":"https:\/\/www.accel-na.fr\/index.php\/wp-json\/wp\/v2\/media?parent=15132"}],"wp:term":[{"taxonomy":"category","embeddable":true,"href":"https:\/\/www.accel-na.fr\/index.php\/wp-json\/wp\/v2\/categories?post=15132"},{"taxonomy":"post_tag","embeddable":true,"href":"https:\/\/www.accel-na.fr\/index.php\/wp-json\/wp\/v2\/tags?post=15132"}],"curies":[{"name":"wp","href":"https:\/\/api.w.org\/{rel}","templated":true}]}}