{"id":15138,"date":"2023-11-30T15:24:39","date_gmt":"2023-11-30T14:24:39","guid":{"rendered":"https:\/\/www.accel-na.fr\/?p=15138"},"modified":"2026-03-27T12:29:10","modified_gmt":"2026-03-27T11:29:10","slug":"29-30-11-2023-rse-et-energie-au-menu-du-4eme-seminaire-des-pme-6","status":"publish","type":"post","link":"https:\/\/www.accel-na.fr\/index.php\/2023\/11\/30\/29-30-11-2023-rse-et-energie-au-menu-du-4eme-seminaire-des-pme-6\/","title":{"rendered":"29-30\/11\/2023 \/\/ RSE et Energie au menu du 4\u00e8me s\u00e9minaire des PME #6"},"content":{"rendered":"<div class=\"fusion-fullwidth fullwidth-box fusion-builder-row-1 nonhundred-percent-fullwidth non-hundred-percent-height-scrolling\" style=\"background-color: rgba(255,255,255,0);background-position: center center;background-repeat: no-repeat;padding-top:0px;padding-right:0px;padding-bottom:0px;padding-left:0px;margin-bottom: 0px;margin-top: 0px;border-width: 0px 0px 0px 0px;border-color:#eae9e9;border-style:solid;\" ><div class=\"fusion-builder-row fusion-row\"><div class=\"fusion-layout-column fusion_builder_column fusion-builder-column-0 fusion_builder_column_1_1 1_1 fusion-one-full fusion-column-first fusion-column-last\" style=\"margin-top:0px;margin-bottom:20px;\"><div class=\"fusion-column-wrapper fusion-flex-column-wrapper-legacy\" style=\"background-position:left top;background-repeat:no-repeat;-webkit-background-size:cover;-moz-background-size:cover;-o-background-size:cover;background-size:cover;padding: 0px 0px 0px 0px;\"><div class=\"fusion-text fusion-text-1\"><p>Ce dernier s\u00e9minaire de l\u2019ann\u00e9e pour la promotion PME #6 \u00e9tait d\u00e9di\u00e9 \u00e0 la RSE et \u00e0 la transition \u00e9nerg\u00e9tique.<\/p>\n<p>Avec Caroline Baron, la RSE a \u00e9t\u00e9 abord\u00e9e de mani\u00e8re tr\u00e8s participative, avec la r\u00e9alisation de fresques de la RSE et du d\u00e9veloppement durable, et le t\u00e9moignage inspirant de Jean-Pierre Bernadet qui a partag\u00e9 l\u2019engagement de longue date de l\u2019entreprise Bernadet en mati\u00e8re de RSE et de transition \u00e9cologique.<\/p>\n<p>Fr\u00e9d\u00e9ric Gal a anim\u00e9 la journ\u00e9e d\u00e9di\u00e9e \u00e0 la transition \u00e9nerg\u00e9tique, sujet qui est devenu d\u2019autant plus pr\u00e9gnant depuis la guerre en Ukraine, et qui impose une vision et une mutation \u00e0 plus long terme.<\/p>\n<p data-fusion-font=\"true\" data-fusion-google-font=\"Roboto\" data-fusion-google-variant=\"300italic\" data-fusion-google-subset=\"latin\"><span style=\"font-family: var(--body_typography-font-family); font-size: var(--body_typography-font-size); font-style: var(--body_typography-font-style,normal); font-weight: var(--body_typography-font-weight); background-color: rgba(255, 255, 255, 0); color: var(--body_typography-color); letter-spacing: var(--body_typography-letter-spacing);\">\u00a0<\/span><\/p>\n<div style=\"text-align: right;\"><span style=\"font-family: Roboto; font-size: 12px; font-style: italic; background-color: rgba(255, 255, 255, 0); color: var(--body_typography-color); letter-spacing: var(--body_typography-letter-spacing);\">30 novembre 2024<\/span><\/div>\n<\/div><div class=\"fusion-clearfix\"><\/div><\/div><\/div><\/div><\/div>\n","protected":false},"excerpt":{"rendered":"","protected":false},"author":5,"featured_media":15129,"comment_status":"open","ping_status":"open","sticky":false,"template":"","format":"standard","meta":{"footnotes":""},"categories":[3],"tags":[20],"class_list":["post-15138","post","type-post","status-publish","format-standard","has-post-thumbnail","hentry","category-news","tag-pme"],"_links":{"self":[{"href":"https:\/\/www.accel-na.fr\/index.php\/wp-json\/wp\/v2\/posts\/15138","targetHints":{"allow":["GET"]}}],"collection":[{"href":"https:\/\/www.accel-na.fr\/index.php\/wp-json\/wp\/v2\/posts"}],"about":[{"href":"https:\/\/www.accel-na.fr\/index.php\/wp-json\/wp\/v2\/types\/post"}],"author":[{"embeddable":true,"href":"https:\/\/www.accel-na.fr\/index.php\/wp-json\/wp\/v2\/users\/5"}],"replies":[{"embeddable":true,"href":"https:\/\/www.accel-na.fr\/index.php\/wp-json\/wp\/v2\/comments?post=15138"}],"version-history":[{"count":1,"href":"https:\/\/www.accel-na.fr\/index.php\/wp-json\/wp\/v2\/posts\/15138\/revisions"}],"predecessor-version":[{"id":15139,"href":"https:\/\/www.accel-na.fr\/index.php\/wp-json\/wp\/v2\/posts\/15138\/revisions\/15139"}],"wp:featuredmedia":[{"embeddable":true,"href":"https:\/\/www.accel-na.fr\/index.php\/wp-json\/wp\/v2\/media\/15129"}],"wp:attachment":[{"href":"https:\/\/www.accel-na.fr\/index.php\/wp-json\/wp\/v2\/media?parent=15138"}],"wp:term":[{"taxonomy":"category","embeddable":true,"href":"https:\/\/www.accel-na.fr\/index.php\/wp-json\/wp\/v2\/categories?post=15138"},{"taxonomy":"post_tag","embeddable":true,"href":"https:\/\/www.accel-na.fr\/index.php\/wp-json\/wp\/v2\/tags?post=15138"}],"curies":[{"name":"wp","href":"https:\/\/api.w.org\/{rel}","templated":true}]}}