{"id":15258,"date":"2024-10-17T08:27:49","date_gmt":"2024-10-17T06:27:49","guid":{"rendered":"https:\/\/www.accel-na.fr\/?p=15258"},"modified":"2026-03-27T12:26:14","modified_gmt":"2026-03-27T11:26:14","slug":"16-17-10-2024-nouveau-seminaire-pour-laccelerateur-horizon","status":"publish","type":"post","link":"https:\/\/www.accel-na.fr\/index.php\/2024\/10\/17\/16-17-10-2024-nouveau-seminaire-pour-laccelerateur-horizon\/","title":{"rendered":"16-17\/10\/2024 Nouveau s\u00e9minaire pour l&rsquo;acc\u00e9l\u00e9rateur HORIZON"},"content":{"rendered":"<div class=\"fusion-fullwidth fullwidth-box fusion-builder-row-1 nonhundred-percent-fullwidth non-hundred-percent-height-scrolling\" style=\"background-color: rgba(255,255,255,0);background-position: center center;background-repeat: no-repeat;padding-top:0px;padding-right:0px;padding-bottom:0px;padding-left:0px;margin-bottom: 0px;margin-top: 0px;border-width: 0px 0px 0px 0px;border-color:#eae9e9;border-style:solid;\" ><div class=\"fusion-builder-row fusion-row\"><div class=\"fusion-layout-column fusion_builder_column fusion-builder-column-0 fusion_builder_column_1_1 1_1 fusion-one-full fusion-column-first fusion-column-last\" style=\"margin-top:0px;margin-bottom:20px;\"><div class=\"fusion-column-wrapper fusion-flex-column-wrapper-legacy\" style=\"background-position:left top;background-repeat:no-repeat;-webkit-background-size:cover;-moz-background-size:cover;-o-background-size:cover;background-size:cover;padding: 0px 0px 0px 0px;\"><div class=\"fusion-text fusion-text-1\"><p>Deux journ\u00e9es de s\u00e9minaire \u00e0 Angoul\u00eame pour la Promo\u00a0#1 de l\u2019Acc\u00e9l\u00e9rateur Horizon, consacr\u00e9es au Recrutement et \u00e0 la Marque employeur avec Caroline Cochard-Rabouille, et le lendemain au Financement\u00a0du d\u00e9veloppement avec St\u00e9phane Ouvrard.<br \/>\nDu travail bien s\u00fbr mais pas que&#8230; les \u00e9changes se sont poursuivis lors d\u2019une soir\u00e9e (tr\u00e8s) sympathique avec les dirigeants de la promotion.<\/p>\n<p data-fusion-font=\"true\" data-fusion-google-font=\"Roboto\" data-fusion-google-variant=\"300italic\" data-fusion-google-subset=\"latin\"><span style=\"font-family: var(--body_typography-font-family); font-size: var(--body_typography-font-size); font-style: var(--body_typography-font-style,normal); font-weight: var(--body_typography-font-weight); background-color: rgba(255, 255, 255, 0); color: var(--body_typography-color); letter-spacing: var(--body_typography-letter-spacing);\">\u00a0<\/span><\/p>\n<div style=\"text-align: right;\"><span style=\"font-family: Roboto; font-size: 12px; font-style: italic; background-color: rgba(255, 255, 255, 0); color: var(--body_typography-color); letter-spacing: var(--body_typography-letter-spacing);\">17 OCTOBRE 2024<\/span><\/div>\n<\/div><style type=\"text\/css\">.fusion-gallery-1 .fusion-gallery-image {border:0px solid #f6f6f6;}<\/style><div class=\"fusion-gallery fusion-gallery-container fusion-grid-3 fusion-columns-total-2 fusion-gallery-layout-grid fusion-gallery-1\" style=\"margin:-5px;\"><div style=\"padding:5px;\" class=\"fusion-grid-column fusion-gallery-column fusion-gallery-column-3 hover-type-none\"><div class=\"fusion-gallery-image\"><a href=\"https:\/\/www.accel-na.fr\/wp-content\/uploads\/2024\/10\/horizon3-scaled.jpg\" rel=\"noreferrer\" data-rel=\"iLightbox[gallery_image_1]\" class=\"fusion-lightbox\" target=\"_self\"><img decoding=\"async\" src=\"https:\/\/www.accel-na.fr\/wp-content\/uploads\/2024\/10\/horizon3-scaled.jpg\" width=\"2560\" height=\"1767\" alt=\"\" title=\"horizon3\" aria-label=\"horizon3\" class=\"img-responsive wp-image-15257\" srcset=\"https:\/\/www.accel-na.fr\/wp-content\/uploads\/2024\/10\/horizon3-200x138.jpg 200w, https:\/\/www.accel-na.fr\/wp-content\/uploads\/2024\/10\/horizon3-400x276.jpg 400w, https:\/\/www.accel-na.fr\/wp-content\/uploads\/2024\/10\/horizon3-600x414.jpg 600w, https:\/\/www.accel-na.fr\/wp-content\/uploads\/2024\/10\/horizon3-800x552.jpg 800w, https:\/\/www.accel-na.fr\/wp-content\/uploads\/2024\/10\/horizon3-1200x828.jpg 1200w, https:\/\/www.accel-na.fr\/wp-content\/uploads\/2024\/10\/horizon3-scaled.jpg 2560w\" sizes=\"(min-width: 2200px) 100vw, (min-width: 1093px) 387px, (min-width: 1001px) 580px, (min-width: 909px) 1001px, \" \/><\/a><\/div><\/div><div style=\"padding:5px;\" class=\"fusion-grid-column fusion-gallery-column fusion-gallery-column-3 hover-type-none\"><div class=\"fusion-gallery-image\"><a href=\"https:\/\/www.accel-na.fr\/wp-content\/uploads\/2024\/10\/horizon2-scaled.jpg\" rel=\"noreferrer\" data-rel=\"iLightbox[gallery_image_1]\" class=\"fusion-lightbox\" target=\"_self\"><img decoding=\"async\" src=\"https:\/\/www.accel-na.fr\/wp-content\/uploads\/2024\/10\/horizon2-scaled.jpg\" width=\"1922\" height=\"2560\" alt=\"\" title=\"horizon2\" aria-label=\"horizon2\" class=\"img-responsive wp-image-15256\" srcset=\"https:\/\/www.accel-na.fr\/wp-content\/uploads\/2024\/10\/horizon2-200x266.jpg 200w, https:\/\/www.accel-na.fr\/wp-content\/uploads\/2024\/10\/horizon2-400x533.jpg 400w, https:\/\/www.accel-na.fr\/wp-content\/uploads\/2024\/10\/horizon2-600x799.jpg 600w, https:\/\/www.accel-na.fr\/wp-content\/uploads\/2024\/10\/horizon2-800x1065.jpg 800w, https:\/\/www.accel-na.fr\/wp-content\/uploads\/2024\/10\/horizon2-1200x1598.jpg 1200w, https:\/\/www.accel-na.fr\/wp-content\/uploads\/2024\/10\/horizon2-scaled.jpg 1922w\" sizes=\"(min-width: 2200px) 100vw, (min-width: 1093px) 387px, (min-width: 1001px) 580px, (min-width: 909px) 1001px, \" \/><\/a><\/div><\/div><\/div><div class=\"fusion-clearfix\"><\/div><\/div><\/div><\/div><\/div>\n","protected":false},"excerpt":{"rendered":"","protected":false},"author":5,"featured_media":15255,"comment_status":"open","ping_status":"open","sticky":false,"template":"","format":"standard","meta":{"footnotes":""},"categories":[3],"tags":[22],"class_list":["post-15258","post","type-post","status-publish","format-standard","has-post-thumbnail","hentry","category-news","tag-horizon"],"_links":{"self":[{"href":"https:\/\/www.accel-na.fr\/index.php\/wp-json\/wp\/v2\/posts\/15258","targetHints":{"allow":["GET"]}}],"collection":[{"href":"https:\/\/www.accel-na.fr\/index.php\/wp-json\/wp\/v2\/posts"}],"about":[{"href":"https:\/\/www.accel-na.fr\/index.php\/wp-json\/wp\/v2\/types\/post"}],"author":[{"embeddable":true,"href":"https:\/\/www.accel-na.fr\/index.php\/wp-json\/wp\/v2\/users\/5"}],"replies":[{"embeddable":true,"href":"https:\/\/www.accel-na.fr\/index.php\/wp-json\/wp\/v2\/comments?post=15258"}],"version-history":[{"count":1,"href":"https:\/\/www.accel-na.fr\/index.php\/wp-json\/wp\/v2\/posts\/15258\/revisions"}],"predecessor-version":[{"id":15259,"href":"https:\/\/www.accel-na.fr\/index.php\/wp-json\/wp\/v2\/posts\/15258\/revisions\/15259"}],"wp:featuredmedia":[{"embeddable":true,"href":"https:\/\/www.accel-na.fr\/index.php\/wp-json\/wp\/v2\/media\/15255"}],"wp:attachment":[{"href":"https:\/\/www.accel-na.fr\/index.php\/wp-json\/wp\/v2\/media?parent=15258"}],"wp:term":[{"taxonomy":"category","embeddable":true,"href":"https:\/\/www.accel-na.fr\/index.php\/wp-json\/wp\/v2\/categories?post=15258"},{"taxonomy":"post_tag","embeddable":true,"href":"https:\/\/www.accel-na.fr\/index.php\/wp-json\/wp\/v2\/tags?post=15258"}],"curies":[{"name":"wp","href":"https:\/\/api.w.org\/{rel}","templated":true}]}}