{"id":15298,"date":"2025-01-16T17:35:17","date_gmt":"2025-01-16T16:35:17","guid":{"rendered":"https:\/\/www.accel-na.fr\/?p=15298"},"modified":"2026-03-27T12:25:36","modified_gmt":"2026-03-27T11:25:36","slug":"15-16-01-2025-clap-de-fin-pour-la-promotion-eti-6","status":"publish","type":"post","link":"https:\/\/www.accel-na.fr\/index.php\/2025\/01\/16\/15-16-01-2025-clap-de-fin-pour-la-promotion-eti-6\/","title":{"rendered":"15-16\/01\/2025 \/\/ Clap de fin pour la promotion ETI #6"},"content":{"rendered":"<div class=\"fusion-fullwidth fullwidth-box fusion-builder-row-1 nonhundred-percent-fullwidth non-hundred-percent-height-scrolling\" style=\"background-color: rgba(255,255,255,0);background-position: center center;background-repeat: no-repeat;padding-top:0px;padding-right:0px;padding-bottom:0px;padding-left:0px;margin-bottom: 0px;margin-top: 0px;border-width: 0px 0px 0px 0px;border-color:#eae9e9;border-style:solid;\" ><div class=\"fusion-builder-row fusion-row\"><div class=\"fusion-layout-column fusion_builder_column fusion-builder-column-0 fusion_builder_column_1_1 1_1 fusion-one-full fusion-column-first fusion-column-last\" style=\"margin-top:0px;margin-bottom:20px;\"><div class=\"fusion-column-wrapper fusion-flex-column-wrapper-legacy\" style=\"background-position:left top;background-repeat:no-repeat;-webkit-background-size:cover;-moz-background-size:cover;-o-background-size:cover;background-size:cover;padding: 0px 0px 0px 0px;\"><div class=\"fusion-text fusion-text-1\"><p>Ce dernier s\u00e9minaire a \u00e9t\u00e9 d\u00e9di\u00e9 \u00e0 la gouvernance, formelle et informelle, avec Augustin Honorat et Michel Safars. La pr\u00e9vention du risque p\u00e9nal a \u00e9t\u00e9 abord\u00e9e par Fran\u00e7ois Mazon, qui a partag\u00e9 son v\u00e9cu en tant que dirigeant et ses conseils d\u2019avocat sp\u00e9cialis\u00e9 en droit p\u00e9nal des affaires.<\/p>\n<p>En fin de journ\u00e9e, Pierre-Michel d&rsquo;Anglade (alumni ETI #3) a anim\u00e9 une masterclass sur la mise en place de l&rsquo;IA au sein d\u2019Abzac Group.<\/p>\n<p>Marc Prikazsky, PDG de CEVA et Pr\u00e9sident du Club des ETI, a pass\u00e9 un moment privil\u00e9gi\u00e9 avec la promotion et Jean-Baptiste Micouleau est venu remettre leurs troph\u00e9es fabriqu\u00e9s par Dal\u2019Alu aux membres de la promotion.<\/p>\n<p>Enfin, Pauline Basile a cl\u00f4tur\u00e9 la session sur le th\u00e8me de la Marque Employeur.<\/p>\n<p data-fusion-font=\"true\" data-fusion-google-font=\"Roboto\" data-fusion-google-variant=\"300italic\" data-fusion-google-subset=\"latin\"><span style=\"font-family: var(--body_typography-font-family); font-size: var(--body_typography-font-size); font-style: var(--body_typography-font-style,normal); font-weight: var(--body_typography-font-weight); background-color: rgba(255, 255, 255, 0); color: var(--body_typography-color); letter-spacing: var(--body_typography-letter-spacing);\">\u00a0<\/span><\/p>\n<div style=\"text-align: right;\"><span style=\"font-family: Roboto; font-size: 12px; font-style: italic; background-color: rgba(255, 255, 255, 0); color: var(--body_typography-color); letter-spacing: var(--body_typography-letter-spacing);\">16 janvier 2025<\/span><\/div>\n<\/div><div class=\"fusion-clearfix\"><\/div><\/div><\/div><\/div><\/div>\n","protected":false},"excerpt":{"rendered":"","protected":false},"author":5,"featured_media":15287,"comment_status":"open","ping_status":"open","sticky":false,"template":"","format":"standard","meta":{"footnotes":""},"categories":[3],"tags":[21],"class_list":["post-15298","post","type-post","status-publish","format-standard","has-post-thumbnail","hentry","category-news","tag-eti"],"_links":{"self":[{"href":"https:\/\/www.accel-na.fr\/index.php\/wp-json\/wp\/v2\/posts\/15298","targetHints":{"allow":["GET"]}}],"collection":[{"href":"https:\/\/www.accel-na.fr\/index.php\/wp-json\/wp\/v2\/posts"}],"about":[{"href":"https:\/\/www.accel-na.fr\/index.php\/wp-json\/wp\/v2\/types\/post"}],"author":[{"embeddable":true,"href":"https:\/\/www.accel-na.fr\/index.php\/wp-json\/wp\/v2\/users\/5"}],"replies":[{"embeddable":true,"href":"https:\/\/www.accel-na.fr\/index.php\/wp-json\/wp\/v2\/comments?post=15298"}],"version-history":[{"count":2,"href":"https:\/\/www.accel-na.fr\/index.php\/wp-json\/wp\/v2\/posts\/15298\/revisions"}],"predecessor-version":[{"id":15332,"href":"https:\/\/www.accel-na.fr\/index.php\/wp-json\/wp\/v2\/posts\/15298\/revisions\/15332"}],"wp:featuredmedia":[{"embeddable":true,"href":"https:\/\/www.accel-na.fr\/index.php\/wp-json\/wp\/v2\/media\/15287"}],"wp:attachment":[{"href":"https:\/\/www.accel-na.fr\/index.php\/wp-json\/wp\/v2\/media?parent=15298"}],"wp:term":[{"taxonomy":"category","embeddable":true,"href":"https:\/\/www.accel-na.fr\/index.php\/wp-json\/wp\/v2\/categories?post=15298"},{"taxonomy":"post_tag","embeddable":true,"href":"https:\/\/www.accel-na.fr\/index.php\/wp-json\/wp\/v2\/tags?post=15298"}],"curies":[{"name":"wp","href":"https:\/\/api.w.org\/{rel}","templated":true}]}}