{"id":15396,"date":"2025-06-12T09:47:50","date_gmt":"2025-06-12T07:47:50","guid":{"rendered":"https:\/\/www.accel-na.fr\/?p=15396"},"modified":"2026-03-27T12:24:36","modified_gmt":"2026-03-27T11:24:36","slug":"11-12-06-2025-avant-dernier-seminaire-pour-la-promotion-pme-7","status":"publish","type":"post","link":"https:\/\/www.accel-na.fr\/index.php\/2025\/06\/12\/11-12-06-2025-avant-dernier-seminaire-pour-la-promotion-pme-7\/","title":{"rendered":"11-12\/06\/2025 \/\/ Avant dernier s\u00e9minaire pour la promotion PME #7"},"content":{"rendered":"<div class=\"fusion-fullwidth fullwidth-box fusion-builder-row-1 nonhundred-percent-fullwidth non-hundred-percent-height-scrolling\" style=\"background-color: rgba(255,255,255,0);background-position: center center;background-repeat: no-repeat;padding-top:0px;padding-right:0px;padding-bottom:0px;padding-left:0px;margin-bottom: 0px;margin-top: 0px;border-width: 0px 0px 0px 0px;border-color:#eae9e9;border-style:solid;\" ><div class=\"fusion-builder-row fusion-row\"><div class=\"fusion-layout-column fusion_builder_column fusion-builder-column-0 fusion_builder_column_1_1 1_1 fusion-one-full fusion-column-first fusion-column-last\" style=\"margin-top:0px;margin-bottom:20px;\"><div class=\"fusion-column-wrapper fusion-flex-column-wrapper-legacy\" style=\"background-position:left top;background-repeat:no-repeat;-webkit-background-size:cover;-moz-background-size:cover;-o-background-size:cover;background-size:cover;padding: 0px 0px 0px 0px;\"><div class=\"fusion-text fusion-text-1\"><p>La promotion PME #7 de l&rsquo;Acc\u00e9l\u00e9rateur Nouvelle-Aquitaine s\u2019est retrouv\u00e9e pour un s\u00e9minaire d\u00e9di\u00e9 aux achats et relations fournisseurs avec <a href=\"https:\/\/www.linkedin.com\/in\/daniel-weber-6b02306\/\">Daniel Weber<\/a>, \u00e0 la performance des SI avec <a href=\"https:\/\/www.linkedin.com\/in\/christophe-prior-5985398\/\">Christophe Prior<\/a> et \u00e0 la cybers\u00e9curit\u00e9 avec <a href=\"https:\/\/www.linkedin.com\/in\/olivier-grall-640294\/\">Olivier Grall<\/a> du Cybercampus Nouvelle-Aquitaine.<\/p>\n<p>Cerise sur le g\u00e2teau, la promotion a \u00e9t\u00e9 accueillie par LOCATEX pour une visite du site de Blanquefort (33), emmen\u00e9e par Edouard Vallet qui est \u00e0 la t\u00eate de cette entreprise familiale centenaire dont le si\u00e8ge est \u00e0 Angoul\u00eame.<\/p>\n<p data-fusion-font=\"true\" data-fusion-google-font=\"Roboto\" data-fusion-google-variant=\"300italic\" data-fusion-google-subset=\"latin\"><span style=\"font-family: var(--body_typography-font-family); font-size: var(--body_typography-font-size); font-style: var(--body_typography-font-style,normal); font-weight: var(--body_typography-font-weight); background-color: rgba(255, 255, 255, 0); color: var(--body_typography-color); letter-spacing: var(--body_typography-letter-spacing);\">\u00a0<\/span><\/p>\n<div style=\"text-align: right;\"><span style=\"font-family: Roboto; font-size: 12px; font-style: italic; background-color: rgba(255, 255, 255, 0); color: var(--body_typography-color); letter-spacing: var(--body_typography-letter-spacing);\">12 juin 2025<\/span><\/div>\n<\/div><div class=\"fusion-clearfix\"><\/div><\/div><\/div><\/div><\/div>\n","protected":false},"excerpt":{"rendered":"","protected":false},"author":5,"featured_media":15397,"comment_status":"open","ping_status":"open","sticky":false,"template":"","format":"standard","meta":{"footnotes":""},"categories":[3],"tags":[20],"class_list":["post-15396","post","type-post","status-publish","format-standard","has-post-thumbnail","hentry","category-news","tag-pme"],"_links":{"self":[{"href":"https:\/\/www.accel-na.fr\/index.php\/wp-json\/wp\/v2\/posts\/15396","targetHints":{"allow":["GET"]}}],"collection":[{"href":"https:\/\/www.accel-na.fr\/index.php\/wp-json\/wp\/v2\/posts"}],"about":[{"href":"https:\/\/www.accel-na.fr\/index.php\/wp-json\/wp\/v2\/types\/post"}],"author":[{"embeddable":true,"href":"https:\/\/www.accel-na.fr\/index.php\/wp-json\/wp\/v2\/users\/5"}],"replies":[{"embeddable":true,"href":"https:\/\/www.accel-na.fr\/index.php\/wp-json\/wp\/v2\/comments?post=15396"}],"version-history":[{"count":1,"href":"https:\/\/www.accel-na.fr\/index.php\/wp-json\/wp\/v2\/posts\/15396\/revisions"}],"predecessor-version":[{"id":15398,"href":"https:\/\/www.accel-na.fr\/index.php\/wp-json\/wp\/v2\/posts\/15396\/revisions\/15398"}],"wp:featuredmedia":[{"embeddable":true,"href":"https:\/\/www.accel-na.fr\/index.php\/wp-json\/wp\/v2\/media\/15397"}],"wp:attachment":[{"href":"https:\/\/www.accel-na.fr\/index.php\/wp-json\/wp\/v2\/media?parent=15396"}],"wp:term":[{"taxonomy":"category","embeddable":true,"href":"https:\/\/www.accel-na.fr\/index.php\/wp-json\/wp\/v2\/categories?post=15396"},{"taxonomy":"post_tag","embeddable":true,"href":"https:\/\/www.accel-na.fr\/index.php\/wp-json\/wp\/v2\/tags?post=15396"}],"curies":[{"name":"wp","href":"https:\/\/api.w.org\/{rel}","templated":true}]}}